{"id":18626,"date":"2023-05-04T14:24:00","date_gmt":"2023-05-04T12:24:00","guid":{"rendered":"https:\/\/impakt360.com\/?p=18626"},"modified":"2023-09-25T15:15:51","modified_gmt":"2023-09-25T13:15:51","slug":"burnout-gibt-es-nicht-zumindest-als-krankheit","status":"publish","type":"post","link":"https:\/\/impakt360.com\/en\/burnout-gibt-es-nicht-zumindest-als-krankheit\/","title":{"rendered":"Burnout gibt es nicht, zumindest nicht als Krankheit"},"content":{"rendered":"\t\t<div data-elementor-type=\"wp-post\" data-elementor-id=\"18626\" class=\"elementor elementor-18626\" data-elementor-settings=\"{&quot;element_pack_global_tooltip_width&quot;:{&quot;unit&quot;:&quot;px&quot;,&quot;size&quot;:&quot;&quot;,&quot;sizes&quot;:[]},&quot;element_pack_global_tooltip_width_tablet&quot;:{&quot;unit&quot;:&quot;px&quot;,&quot;size&quot;:&quot;&quot;,&quot;sizes&quot;:[]},&quot;element_pack_global_tooltip_width_mobile&quot;:{&quot;unit&quot;:&quot;px&quot;,&quot;size&quot;:&quot;&quot;,&quot;sizes&quot;:[]},&quot;element_pack_global_tooltip_padding&quot;:{&quot;unit&quot;:&quot;px&quot;,&quot;top&quot;:&quot;&quot;,&quot;right&quot;:&quot;&quot;,&quot;bottom&quot;:&quot;&quot;,&quot;left&quot;:&quot;&quot;,&quot;isLinked&quot;:true},&quot;element_pack_global_tooltip_padding_tablet&quot;:{&quot;unit&quot;:&quot;px&quot;,&quot;top&quot;:&quot;&quot;,&quot;right&quot;:&quot;&quot;,&quot;bottom&quot;:&quot;&quot;,&quot;left&quot;:&quot;&quot;,&quot;isLinked&quot;:true},&quot;element_pack_global_tooltip_padding_mobile&quot;:{&quot;unit&quot;:&quot;px&quot;,&quot;top&quot;:&quot;&quot;,&quot;right&quot;:&quot;&quot;,&quot;bottom&quot;:&quot;&quot;,&quot;left&quot;:&quot;&quot;,&quot;isLinked&quot;:true},&quot;element_pack_global_tooltip_border_radius&quot;:{&quot;unit&quot;:&quot;px&quot;,&quot;top&quot;:&quot;&quot;,&quot;right&quot;:&quot;&quot;,&quot;bottom&quot;:&quot;&quot;,&quot;left&quot;:&quot;&quot;,&quot;isLinked&quot;:true},&quot;element_pack_global_tooltip_border_radius_tablet&quot;:{&quot;unit&quot;:&quot;px&quot;,&quot;top&quot;:&quot;&quot;,&quot;right&quot;:&quot;&quot;,&quot;bottom&quot;:&quot;&quot;,&quot;left&quot;:&quot;&quot;,&quot;isLinked&quot;:true},&quot;element_pack_global_tooltip_border_radius_mobile&quot;:{&quot;unit&quot;:&quot;px&quot;,&quot;top&quot;:&quot;&quot;,&quot;right&quot;:&quot;&quot;,&quot;bottom&quot;:&quot;&quot;,&quot;left&quot;:&quot;&quot;,&quot;isLinked&quot;:true}}\" data-elementor-post-type=\"post\">\n\t\t\t\t\t\t<section class=\"elementor-section elementor-top-section elementor-element elementor-element-a8e721c elementor-section-boxed elementor-section-height-default elementor-section-height-default\" data-id=\"a8e721c\" data-element_type=\"section\" data-e-type=\"section\">\n\t\t\t\t\t\t<div class=\"elementor-container elementor-column-gap-default\">\n\t\t\t\t\t<div class=\"elementor-column elementor-col-100 elementor-top-column elementor-element elementor-element-57a100f\" data-id=\"57a100f\" data-element_type=\"column\" data-e-type=\"column\" data-settings=\"{&quot;avante_ext_is_scrollme&quot;:&quot;false&quot;,&quot;avante_ext_is_smoove&quot;:&quot;false&quot;,&quot;avante_ext_is_parallax_mouse&quot;:&quot;false&quot;,&quot;avante_ext_is_infinite&quot;:&quot;false&quot;,&quot;avante_ext_link_sidemenu&quot;:&quot;false&quot;}\">\n\t\t\t<div class=\"elementor-widget-wrap elementor-element-populated\">\n\t\t\t\t\t\t<div class=\"elementor-element elementor-element-16b1ffd elementor-widget elementor-widget-text-editor\" data-id=\"16b1ffd\" data-element_type=\"widget\" data-e-type=\"widget\" data-settings=\"{&quot;avante_ext_is_scrollme&quot;:&quot;false&quot;,&quot;avante_ext_is_smoove&quot;:&quot;false&quot;,&quot;avante_ext_is_parallax_mouse&quot;:&quot;false&quot;,&quot;avante_ext_is_infinite&quot;:&quot;false&quot;,&quot;avante_ext_link_sidemenu&quot;:&quot;false&quot;}\" data-widget_type=\"text-editor.default\">\n\t\t\t\t<div class=\"elementor-widget-container\">\n\t\t\t\t\t\t\t\t\t<p>Mein ehemaliger Chef Thomas* &#8211; effizient, clever, stark, aufrichtig, witzig, Arbeitstitan, Perfektionist. Als er an einem Tag nicht bei der Arbeit erschien, dachten wir: sicher eine Erk\u00e4ltung. Dann haben wir auf dem Korridor Ger\u00fcchte geh\u00f6rt, dass er Burnout hat. Wir waren geschockt \u2013 derart geschockt, dass wir weder untereinander dar\u00fcber gesprochen haben noch ihn w\u00e4hrend seiner Abwesenheit kontaktierten. Und als externe Personen am Telefon nach ihm fragten, antworteten wir nur leise: \u00abEeeh&#8230;, er ist <em>ausgefallen<\/em>\u00bb. Das Wort Burnout ist uns nur schwer \u00fcber die Lippen gegangen.<\/p>\t\t\t\t\t\t\t\t<\/div>\n\t\t\t\t<\/div>\n\t\t\t\t\t<\/div>\n\t\t<\/div>\n\t\t\t\t\t<\/div>\n\t\t<\/section>\n\t\t\t\t<section class=\"elementor-section elementor-top-section elementor-element elementor-element-6697f31 elementor-section-boxed elementor-section-height-default elementor-section-height-default\" data-id=\"6697f31\" data-element_type=\"section\" data-e-type=\"section\">\n\t\t\t\t\t\t<div class=\"elementor-container elementor-column-gap-default\">\n\t\t\t\t\t<div class=\"elementor-column elementor-col-100 elementor-top-column elementor-element elementor-element-baa8bd1\" data-id=\"baa8bd1\" data-element_type=\"column\" data-e-type=\"column\" data-settings=\"{&quot;background_background&quot;:&quot;classic&quot;,&quot;avante_ext_is_scrollme&quot;:&quot;false&quot;,&quot;avante_ext_is_smoove&quot;:&quot;false&quot;,&quot;avante_ext_is_parallax_mouse&quot;:&quot;false&quot;,&quot;avante_ext_is_infinite&quot;:&quot;false&quot;,&quot;avante_ext_link_sidemenu&quot;:&quot;false&quot;}\">\n\t\t\t<div class=\"elementor-widget-wrap elementor-element-populated\">\n\t\t\t\t\t\t<div class=\"elementor-element elementor-element-cbb4682 elementor-blockquote--skin-border elementor-widget elementor-widget-blockquote\" data-id=\"cbb4682\" data-element_type=\"widget\" data-e-type=\"widget\" data-settings=\"{&quot;avante_ext_is_scrollme&quot;:&quot;false&quot;,&quot;avante_ext_is_smoove&quot;:&quot;false&quot;,&quot;avante_ext_is_parallax_mouse&quot;:&quot;false&quot;,&quot;avante_ext_is_infinite&quot;:&quot;false&quot;,&quot;avante_ext_link_sidemenu&quot;:&quot;false&quot;}\" data-widget_type=\"blockquote.default\">\n\t\t\t\t<div class=\"elementor-widget-container\">\n\t\t\t\t\t\t\t<blockquote class=\"elementor-blockquote\">\n\t\t\t<p class=\"elementor-blockquote__content\">\n\t\t\t\tDer Anteil der Schweizerinnen und Schweizer, die sich bei der Arbeit ersch\u00f6pft f\u00fchlen, liegt bei rund 30% und nimmt gem\u00e4ss dem Job-Stress-Index 2018 stetig zu. \t\t\t<\/p>\n\t\t\t\t\t<\/blockquote>\n\t\t\t\t\t\t<\/div>\n\t\t\t\t<\/div>\n\t\t\t\t\t<\/div>\n\t\t<\/div>\n\t\t\t\t\t<\/div>\n\t\t<\/section>\n\t\t\t\t<section class=\"elementor-section elementor-top-section elementor-element elementor-element-f121161 elementor-section-boxed elementor-section-height-default elementor-section-height-default\" data-id=\"f121161\" data-element_type=\"section\" data-e-type=\"section\">\n\t\t\t\t\t\t<div class=\"elementor-container elementor-column-gap-default\">\n\t\t\t\t\t<div class=\"elementor-column elementor-col-100 elementor-top-column elementor-element elementor-element-20c8c61\" data-id=\"20c8c61\" data-element_type=\"column\" data-e-type=\"column\" data-settings=\"{&quot;avante_ext_is_scrollme&quot;:&quot;false&quot;,&quot;avante_ext_is_smoove&quot;:&quot;false&quot;,&quot;avante_ext_is_parallax_mouse&quot;:&quot;false&quot;,&quot;avante_ext_is_infinite&quot;:&quot;false&quot;,&quot;avante_ext_link_sidemenu&quot;:&quot;false&quot;}\">\n\t\t\t<div class=\"elementor-widget-wrap elementor-element-populated\">\n\t\t\t\t\t\t<div class=\"elementor-element elementor-element-925e108 elementor-widget elementor-widget-heading\" data-id=\"925e108\" data-element_type=\"widget\" data-e-type=\"widget\" data-settings=\"{&quot;avante_ext_is_scrollme&quot;:&quot;false&quot;,&quot;avante_ext_is_smoove&quot;:&quot;false&quot;,&quot;avante_ext_is_parallax_mouse&quot;:&quot;false&quot;,&quot;avante_ext_is_infinite&quot;:&quot;false&quot;,&quot;avante_ext_link_sidemenu&quot;:&quot;false&quot;}\" data-widget_type=\"heading.default\">\n\t\t\t\t<div class=\"elementor-widget-container\">\n\t\t\t\t\t<h2 class=\"elementor-heading-title elementor-size-default\">Stigma um das Wort Burnout<\/h2>\t\t\t\t<\/div>\n\t\t\t\t<\/div>\n\t\t\t\t\t<\/div>\n\t\t<\/div>\n\t\t\t\t\t<\/div>\n\t\t<\/section>\n\t\t\t\t<section class=\"elementor-section elementor-top-section elementor-element elementor-element-93cdd8c elementor-section-boxed elementor-section-height-default elementor-section-height-default\" data-id=\"93cdd8c\" data-element_type=\"section\" data-e-type=\"section\">\n\t\t\t\t\t\t<div class=\"elementor-container elementor-column-gap-default\">\n\t\t\t\t\t<div class=\"elementor-column elementor-col-100 elementor-top-column elementor-element elementor-element-c7e6690\" data-id=\"c7e6690\" data-element_type=\"column\" data-e-type=\"column\" data-settings=\"{&quot;avante_ext_is_scrollme&quot;:&quot;false&quot;,&quot;avante_ext_is_smoove&quot;:&quot;false&quot;,&quot;avante_ext_is_parallax_mouse&quot;:&quot;false&quot;,&quot;avante_ext_is_infinite&quot;:&quot;false&quot;,&quot;avante_ext_link_sidemenu&quot;:&quot;false&quot;}\">\n\t\t\t<div class=\"elementor-widget-wrap elementor-element-populated\">\n\t\t\t\t\t\t<div class=\"elementor-element elementor-element-16f1a88 elementor-widget elementor-widget-text-editor\" data-id=\"16f1a88\" data-element_type=\"widget\" data-e-type=\"widget\" data-settings=\"{&quot;avante_ext_is_scrollme&quot;:&quot;false&quot;,&quot;avante_ext_is_smoove&quot;:&quot;false&quot;,&quot;avante_ext_is_parallax_mouse&quot;:&quot;false&quot;,&quot;avante_ext_is_infinite&quot;:&quot;false&quot;,&quot;avante_ext_link_sidemenu&quot;:&quot;false&quot;}\" data-widget_type=\"text-editor.default\">\n\t\t\t\t<div class=\"elementor-widget-container\">\n\t\t\t\t\t\t\t\t\t<p>Sp\u00e4ter habe ich gelernt, dass dieses Schweigen \u00fcber Burnout nicht nur uns, sondern viele Unternehmen betrifft.<\/p>\t\t\t\t\t\t\t\t<\/div>\n\t\t\t\t<\/div>\n\t\t\t\t\t<\/div>\n\t\t<\/div>\n\t\t\t\t\t<\/div>\n\t\t<\/section>\n\t\t\t\t<section class=\"elementor-section elementor-top-section elementor-element elementor-element-e5089a8 elementor-section-boxed elementor-section-height-default elementor-section-height-default\" data-id=\"e5089a8\" data-element_type=\"section\" data-e-type=\"section\">\n\t\t\t\t\t\t<div class=\"elementor-container elementor-column-gap-default\">\n\t\t\t\t\t<div class=\"elementor-column elementor-col-100 elementor-top-column elementor-element elementor-element-f634066\" data-id=\"f634066\" data-element_type=\"column\" data-e-type=\"column\" data-settings=\"{&quot;avante_ext_is_scrollme&quot;:&quot;false&quot;,&quot;avante_ext_is_smoove&quot;:&quot;false&quot;,&quot;avante_ext_is_parallax_mouse&quot;:&quot;false&quot;,&quot;avante_ext_is_infinite&quot;:&quot;false&quot;,&quot;avante_ext_link_sidemenu&quot;:&quot;false&quot;}\">\n\t\t\t<div class=\"elementor-widget-wrap elementor-element-populated\">\n\t\t\t\t\t\t<div class=\"elementor-element elementor-element-fd5c11d elementor-widget elementor-widget-image\" data-id=\"fd5c11d\" data-element_type=\"widget\" data-e-type=\"widget\" data-settings=\"{&quot;avante_ext_is_scrollme&quot;:&quot;false&quot;,&quot;avante_ext_is_smoove&quot;:&quot;false&quot;,&quot;avante_ext_is_parallax_mouse&quot;:&quot;false&quot;,&quot;avante_ext_is_infinite&quot;:&quot;false&quot;,&quot;avante_ext_link_sidemenu&quot;:&quot;false&quot;}\" data-widget_type=\"image.default\">\n\t\t\t\t<div class=\"elementor-widget-container\">\n\t\t\t\t\t\t\t\t\t\t\t\t<figure class=\"wp-caption\">\n\t\t\t\t\t\t\t\t\t\t<img fetchpriority=\"high\" decoding=\"async\" width=\"1024\" height=\"535\" src=\"https:\/\/impakt360.com\/wp-content\/uploads\/2021\/04\/Burnout-definition-1024x535.jpg\" class=\"attachment-large size-large wp-image-18683\" alt=\"Burnout Definition\" srcset=\"https:\/\/impakt360.com\/wp-content\/uploads\/2021\/04\/Burnout-definition-1024x535.jpg 1024w, https:\/\/impakt360.com\/wp-content\/uploads\/2021\/04\/Burnout-definition-300x157.jpg 300w, https:\/\/impakt360.com\/wp-content\/uploads\/2021\/04\/Burnout-definition-768x401.jpg 768w, https:\/\/impakt360.com\/wp-content\/uploads\/2021\/04\/Burnout-definition-440x230.jpg 440w, https:\/\/impakt360.com\/wp-content\/uploads\/2021\/04\/Burnout-definition.jpg 1200w\" sizes=\"(max-width: 1024px) 100vw, 1024px\" \/>\t\t\t\t\t\t\t\t\t\t\t<figcaption class=\"widget-image-caption wp-caption-text\">\"Burnout ist das Gef\u00fchl der Ersch\u00f6pfung, das nicht mit einer guten Nachtruhe oder einem Jahresurlaub verschwindet. Die Art und Weise, wie ich mir Burnout vorstelle, ist, dass man weitermacht, bis man das Gef\u00fchl hat, nicht mehr machen zu k\u00f6nnen, und dann macht man  trotzdem weiter. Es gibt also keine Katharsis, es gibt keinen Abschluss des Marathons. Es ist das Gef\u00fchl, dass alles in deinem Leben zu einer einzigen langen To-Do-Liste verflacht.\" Adam Grant <\/figcaption>\n\t\t\t\t\t\t\t\t\t\t<\/figure>\n\t\t\t\t\t\t\t\t\t<\/div>\n\t\t\t\t<\/div>\n\t\t\t\t\t<\/div>\n\t\t<\/div>\n\t\t\t\t\t<\/div>\n\t\t<\/section>\n\t\t\t\t<section class=\"elementor-section elementor-top-section elementor-element elementor-element-ac0c3e3 elementor-section-boxed elementor-section-height-default elementor-section-height-default\" data-id=\"ac0c3e3\" data-element_type=\"section\" data-e-type=\"section\">\n\t\t\t\t\t\t<div class=\"elementor-container elementor-column-gap-default\">\n\t\t\t\t\t<div class=\"elementor-column elementor-col-100 elementor-top-column elementor-element elementor-element-b82a936\" data-id=\"b82a936\" data-element_type=\"column\" data-e-type=\"column\" data-settings=\"{&quot;avante_ext_is_scrollme&quot;:&quot;false&quot;,&quot;avante_ext_is_smoove&quot;:&quot;false&quot;,&quot;avante_ext_is_parallax_mouse&quot;:&quot;false&quot;,&quot;avante_ext_is_infinite&quot;:&quot;false&quot;,&quot;avante_ext_link_sidemenu&quot;:&quot;false&quot;}\">\n\t\t\t<div class=\"elementor-widget-wrap elementor-element-populated\">\n\t\t\t\t\t\t<div class=\"elementor-element elementor-element-c3910ba elementor-widget elementor-widget-text-editor\" data-id=\"c3910ba\" data-element_type=\"widget\" data-e-type=\"widget\" data-settings=\"{&quot;avante_ext_is_scrollme&quot;:&quot;false&quot;,&quot;avante_ext_is_smoove&quot;:&quot;false&quot;,&quot;avante_ext_is_parallax_mouse&quot;:&quot;false&quot;,&quot;avante_ext_is_infinite&quot;:&quot;false&quot;,&quot;avante_ext_link_sidemenu&quot;:&quot;false&quot;}\" data-widget_type=\"text-editor.default\">\n\t\t\t\t<div class=\"elementor-widget-container\">\n\t\t\t\t\t\t\t\t\t<p>Zum einen hat das etwas mit unserer <a href=\"https:\/\/www.swissinfo.ch\/ger\/psychische-gesundheit_warum-sich-an-burnout-die-geister-scheiden\/45027538\" target=\"_blank\" rel=\"noopener\">Kultur der Versagensangst<\/a> zu tun. Psychologen sagen sogar, dass die Versagensangst zu unserem neuen Lebensgef\u00fchl geworden ist. Und das beginnt bereits in der Schule und\/oder im Studium. Viele Studierende kommen mit dem Erwartungs- und Leistungsdruck nicht mehr klar. <a href=\"https:\/\/www.uni-hohenheim.de\/pressemitteilung?tx_ttnews%5Btt_news%5D=33555&amp;cHash=ea6777db8fb430be8075e2e323044d36\" target=\"_blank\" rel=\"noopener\">Eine Umfrage der Universit\u00e4t Potsdam und Hohenheim<\/a> ergab sogar, dass mehr als die H\u00e4lfte der Studierenden ein hohes Stresslevel empfinden und somit gestresster sind als die restlichen Deutschen. Und mit diesem Gef\u00fchl treten sie dann in die Arbeitswelt ein.<\/p>\t\t\t\t\t\t\t\t<\/div>\n\t\t\t\t<\/div>\n\t\t\t\t\t<\/div>\n\t\t<\/div>\n\t\t\t\t\t<\/div>\n\t\t<\/section>\n\t\t\t\t<section class=\"elementor-section elementor-top-section elementor-element elementor-element-e5058d8 elementor-section-boxed elementor-section-height-default elementor-section-height-default\" data-id=\"e5058d8\" data-element_type=\"section\" data-e-type=\"section\">\n\t\t\t\t\t\t<div class=\"elementor-container elementor-column-gap-default\">\n\t\t\t\t\t<div class=\"elementor-column elementor-col-100 elementor-top-column elementor-element elementor-element-5207336\" data-id=\"5207336\" data-element_type=\"column\" data-e-type=\"column\" data-settings=\"{&quot;background_background&quot;:&quot;classic&quot;,&quot;avante_ext_is_scrollme&quot;:&quot;false&quot;,&quot;avante_ext_is_smoove&quot;:&quot;false&quot;,&quot;avante_ext_is_parallax_mouse&quot;:&quot;false&quot;,&quot;avante_ext_is_infinite&quot;:&quot;false&quot;,&quot;avante_ext_link_sidemenu&quot;:&quot;false&quot;}\">\n\t\t\t<div class=\"elementor-widget-wrap elementor-element-populated\">\n\t\t\t\t\t\t<div class=\"elementor-element elementor-element-f94b6a9 elementor-blockquote--skin-border elementor-widget elementor-widget-blockquote\" data-id=\"f94b6a9\" data-element_type=\"widget\" data-e-type=\"widget\" data-settings=\"{&quot;avante_ext_is_scrollme&quot;:&quot;false&quot;,&quot;avante_ext_is_smoove&quot;:&quot;false&quot;,&quot;avante_ext_is_parallax_mouse&quot;:&quot;false&quot;,&quot;avante_ext_is_infinite&quot;:&quot;false&quot;,&quot;avante_ext_link_sidemenu&quot;:&quot;false&quot;}\" data-widget_type=\"blockquote.default\">\n\t\t\t\t<div class=\"elementor-widget-container\">\n\t\t\t\t\t\t\t<blockquote class=\"elementor-blockquote\">\n\t\t\t<p class=\"elementor-blockquote__content\">\n\t\t\t\t\"Wir m\u00fcssen aufh\u00f6ren, das Bild der perfekten Mitarbeitenden zu zeichnen, die nie Hilfe brauchen.\" Ashley Whillans, Harvard Business School\t\t\t<\/p>\n\t\t\t\t\t<\/blockquote>\n\t\t\t\t\t\t<\/div>\n\t\t\t\t<\/div>\n\t\t\t\t\t<\/div>\n\t\t<\/div>\n\t\t\t\t\t<\/div>\n\t\t<\/section>\n\t\t\t\t<section class=\"elementor-section elementor-top-section elementor-element elementor-element-51b1e21 elementor-section-boxed elementor-section-height-default elementor-section-height-default\" data-id=\"51b1e21\" data-element_type=\"section\" data-e-type=\"section\">\n\t\t\t\t\t\t<div class=\"elementor-container elementor-column-gap-default\">\n\t\t\t\t\t<div class=\"elementor-column elementor-col-100 elementor-top-column elementor-element elementor-element-77c9a50\" data-id=\"77c9a50\" data-element_type=\"column\" data-e-type=\"column\" data-settings=\"{&quot;avante_ext_is_scrollme&quot;:&quot;false&quot;,&quot;avante_ext_is_smoove&quot;:&quot;false&quot;,&quot;avante_ext_is_parallax_mouse&quot;:&quot;false&quot;,&quot;avante_ext_is_infinite&quot;:&quot;false&quot;,&quot;avante_ext_link_sidemenu&quot;:&quot;false&quot;}\">\n\t\t\t<div class=\"elementor-widget-wrap elementor-element-populated\">\n\t\t\t\t\t\t<div class=\"elementor-element elementor-element-1859f47 elementor-widget elementor-widget-text-editor\" data-id=\"1859f47\" data-element_type=\"widget\" data-e-type=\"widget\" data-settings=\"{&quot;avante_ext_is_scrollme&quot;:&quot;false&quot;,&quot;avante_ext_is_smoove&quot;:&quot;false&quot;,&quot;avante_ext_is_parallax_mouse&quot;:&quot;false&quot;,&quot;avante_ext_is_infinite&quot;:&quot;false&quot;,&quot;avante_ext_link_sidemenu&quot;:&quot;false&quot;}\" data-widget_type=\"text-editor.default\">\n\t\t\t\t<div class=\"elementor-widget-container\">\n\t\t\t\t\t\t\t\t\t<p>Zum anderen f\u00e4llt es uns schwer, \u00fcber Burnout zu sprechen, weil es ein schwammiger Begriff ist. Auch wenn die Weltgesundheitsorganisation (WHO) Burnout im Jahr 2019 als Krankheit anerkannt hat, gilt das noch lange nicht in unserer Gesetzgebung. \u00abBurnout gibt es nicht, zumindest nicht als Krankheit. Ersch\u00f6pfungsdepression ist die meistgenutzte Diagnose, um die Patienten krankzuschreiben\u00bb &#8211; sagte mir Thomas, als ich ihn vor kurzem danach gefragt habe. Somit wird die Behandlung der Burnout-Patienten in der Schweiz nicht \u00fcber die Unfallversicherung abgewickelt, sondern \u00fcber die allgemeine Krankenversicherung, was meistens die komplette Franchise aufbraucht.<\/p><p>Folglich k\u00f6nnte man daraus schliessen: Burnout ist eine private Angelegenheit. Wenn ich mir in der Kantine ein Bein breche, zahlt daf\u00fcr mein Arbeitgeber. Wenn ich dagegen ein Burnout erleide, ist der Arbeitskontext daf\u00fcr &#8211; zumindest offiziell &#8211; gar nicht verantwortlich. Wirklich?<\/p>\t\t\t\t\t\t\t\t<\/div>\n\t\t\t\t<\/div>\n\t\t\t\t\t<\/div>\n\t\t<\/div>\n\t\t\t\t\t<\/div>\n\t\t<\/section>\n\t\t\t\t<section class=\"elementor-section elementor-top-section elementor-element elementor-element-729e580 elementor-section-boxed elementor-section-height-default elementor-section-height-default\" data-id=\"729e580\" data-element_type=\"section\" data-e-type=\"section\">\n\t\t\t\t\t\t<div class=\"elementor-container elementor-column-gap-default\">\n\t\t\t\t\t<div class=\"elementor-column elementor-col-100 elementor-top-column elementor-element elementor-element-0b302c3\" data-id=\"0b302c3\" data-element_type=\"column\" data-e-type=\"column\" data-settings=\"{&quot;avante_ext_is_scrollme&quot;:&quot;false&quot;,&quot;avante_ext_is_smoove&quot;:&quot;false&quot;,&quot;avante_ext_is_parallax_mouse&quot;:&quot;false&quot;,&quot;avante_ext_is_infinite&quot;:&quot;false&quot;,&quot;avante_ext_link_sidemenu&quot;:&quot;false&quot;}\">\n\t\t\t<div class=\"elementor-widget-wrap elementor-element-populated\">\n\t\t\t\t\t\t<div class=\"elementor-element elementor-element-533ad25 elementor-widget elementor-widget-image\" data-id=\"533ad25\" data-element_type=\"widget\" data-e-type=\"widget\" data-settings=\"{&quot;avante_ext_is_scrollme&quot;:&quot;false&quot;,&quot;avante_ext_is_smoove&quot;:&quot;false&quot;,&quot;avante_ext_is_parallax_mouse&quot;:&quot;false&quot;,&quot;avante_ext_is_infinite&quot;:&quot;false&quot;,&quot;avante_ext_link_sidemenu&quot;:&quot;false&quot;}\" data-widget_type=\"image.default\">\n\t\t\t\t<div class=\"elementor-widget-container\">\n\t\t\t\t\t\t\t\t\t\t\t\t\t\t\t<img decoding=\"async\" width=\"1024\" height=\"570\" src=\"https:\/\/impakt360.com\/wp-content\/uploads\/2021\/04\/Ursache-fuer-Burnout-1024x570.png\" class=\"attachment-large size-large wp-image-18659\" alt=\"Ursache f\u00fcr Burnout\" srcset=\"https:\/\/impakt360.com\/wp-content\/uploads\/2021\/04\/Ursache-fuer-Burnout-1024x570.png 1024w, https:\/\/impakt360.com\/wp-content\/uploads\/2021\/04\/Ursache-fuer-Burnout-300x167.png 300w, https:\/\/impakt360.com\/wp-content\/uploads\/2021\/04\/Ursache-fuer-Burnout-768x427.png 768w, https:\/\/impakt360.com\/wp-content\/uploads\/2021\/04\/Ursache-fuer-Burnout-1536x854.png 1536w, https:\/\/impakt360.com\/wp-content\/uploads\/2021\/04\/Ursache-fuer-Burnout-440x245.png 440w, https:\/\/impakt360.com\/wp-content\/uploads\/2021\/04\/Ursache-fuer-Burnout.png 1940w\" sizes=\"(max-width: 1024px) 100vw, 1024px\" \/>\t\t\t\t\t\t\t\t\t\t\t\t\t\t\t<\/div>\n\t\t\t\t<\/div>\n\t\t\t\t\t<\/div>\n\t\t<\/div>\n\t\t\t\t\t<\/div>\n\t\t<\/section>\n\t\t\t\t<section class=\"elementor-section elementor-top-section elementor-element elementor-element-af56090 elementor-section-boxed elementor-section-height-default elementor-section-height-default\" data-id=\"af56090\" data-element_type=\"section\" data-e-type=\"section\">\n\t\t\t\t\t\t<div class=\"elementor-container elementor-column-gap-default\">\n\t\t\t\t\t<div class=\"elementor-column elementor-col-100 elementor-top-column elementor-element elementor-element-1f659e1\" data-id=\"1f659e1\" data-element_type=\"column\" data-e-type=\"column\" data-settings=\"{&quot;avante_ext_is_scrollme&quot;:&quot;false&quot;,&quot;avante_ext_is_smoove&quot;:&quot;false&quot;,&quot;avante_ext_is_parallax_mouse&quot;:&quot;false&quot;,&quot;avante_ext_is_infinite&quot;:&quot;false&quot;,&quot;avante_ext_link_sidemenu&quot;:&quot;false&quot;}\">\n\t\t\t<div class=\"elementor-widget-wrap elementor-element-populated\">\n\t\t\t\t\t\t<div class=\"elementor-element elementor-element-562fedc elementor-widget elementor-widget-heading\" data-id=\"562fedc\" data-element_type=\"widget\" data-e-type=\"widget\" data-settings=\"{&quot;avante_ext_is_scrollme&quot;:&quot;false&quot;,&quot;avante_ext_is_smoove&quot;:&quot;false&quot;,&quot;avante_ext_is_parallax_mouse&quot;:&quot;false&quot;,&quot;avante_ext_is_infinite&quot;:&quot;false&quot;,&quot;avante_ext_link_sidemenu&quot;:&quot;false&quot;}\" data-widget_type=\"heading.default\">\n\t\t\t\t<div class=\"elementor-widget-container\">\n\t\t\t\t\t<h2 class=\"elementor-heading-title elementor-size-default\">Burnout ist kein individuelles, sondern ein organisatorisches Problem<\/h2>\t\t\t\t<\/div>\n\t\t\t\t<\/div>\n\t\t\t\t\t<\/div>\n\t\t<\/div>\n\t\t\t\t\t<\/div>\n\t\t<\/section>\n\t\t\t\t<section class=\"elementor-section elementor-top-section elementor-element elementor-element-ee04ddc elementor-section-boxed elementor-section-height-default elementor-section-height-default\" data-id=\"ee04ddc\" data-element_type=\"section\" data-e-type=\"section\">\n\t\t\t\t\t\t<div class=\"elementor-container elementor-column-gap-default\">\n\t\t\t\t\t<div class=\"elementor-column elementor-col-100 elementor-top-column elementor-element elementor-element-5a5333f\" data-id=\"5a5333f\" data-element_type=\"column\" data-e-type=\"column\" data-settings=\"{&quot;avante_ext_is_scrollme&quot;:&quot;false&quot;,&quot;avante_ext_is_smoove&quot;:&quot;false&quot;,&quot;avante_ext_is_parallax_mouse&quot;:&quot;false&quot;,&quot;avante_ext_is_infinite&quot;:&quot;false&quot;,&quot;avante_ext_link_sidemenu&quot;:&quot;false&quot;}\">\n\t\t\t<div class=\"elementor-widget-wrap elementor-element-populated\">\n\t\t\t\t\t\t<div class=\"elementor-element elementor-element-1215374 elementor-widget elementor-widget-text-editor\" data-id=\"1215374\" data-element_type=\"widget\" data-e-type=\"widget\" data-settings=\"{&quot;avante_ext_is_scrollme&quot;:&quot;false&quot;,&quot;avante_ext_is_smoove&quot;:&quot;false&quot;,&quot;avante_ext_is_parallax_mouse&quot;:&quot;false&quot;,&quot;avante_ext_is_infinite&quot;:&quot;false&quot;,&quot;avante_ext_link_sidemenu&quot;:&quot;false&quot;}\" data-widget_type=\"text-editor.default\">\n\t\t\t\t<div class=\"elementor-widget-container\">\n\t\t\t\t\t\t\t\t\t<p>Dieses Denken (Burnout ist deine private Sache) verst\u00e4rkt das Gef\u00fchl des Versagens in den Betroffenen und stigmatisiert sie. Zudem befreit es die Firmen von jeglicher Verantwortung. \u00abMalgosia, die Aufgabe eines Managers ist es auch, sich selbst und die eigene Energie zu managen. Anscheinend hat es in diesem Fall daran gefehlt\u00bb &#8211; sagte mir Thorsten*, Nachfolger von Thomas, als wir auf Thomas\u2019 Burnout Erkrankung zu sprechen gekommen sind.<\/p>\t\t\t\t\t\t\t\t<\/div>\n\t\t\t\t<\/div>\n\t\t\t\t\t<\/div>\n\t\t<\/div>\n\t\t\t\t\t<\/div>\n\t\t<\/section>\n\t\t\t\t<section class=\"elementor-section elementor-top-section elementor-element elementor-element-029e71c elementor-section-boxed elementor-section-height-default elementor-section-height-default\" data-id=\"029e71c\" data-element_type=\"section\" data-e-type=\"section\">\n\t\t\t\t\t\t<div class=\"elementor-container elementor-column-gap-default\">\n\t\t\t\t\t<div class=\"elementor-column elementor-col-100 elementor-top-column elementor-element elementor-element-7e625a6\" data-id=\"7e625a6\" data-element_type=\"column\" data-e-type=\"column\" data-settings=\"{&quot;background_background&quot;:&quot;classic&quot;,&quot;avante_ext_is_scrollme&quot;:&quot;false&quot;,&quot;avante_ext_is_smoove&quot;:&quot;false&quot;,&quot;avante_ext_is_parallax_mouse&quot;:&quot;false&quot;,&quot;avante_ext_is_infinite&quot;:&quot;false&quot;,&quot;avante_ext_link_sidemenu&quot;:&quot;false&quot;}\">\n\t\t\t<div class=\"elementor-widget-wrap elementor-element-populated\">\n\t\t\t\t\t\t<div class=\"elementor-element elementor-element-41d33e7 elementor-blockquote--skin-border elementor-widget elementor-widget-blockquote\" data-id=\"41d33e7\" data-element_type=\"widget\" data-e-type=\"widget\" data-settings=\"{&quot;avante_ext_is_scrollme&quot;:&quot;false&quot;,&quot;avante_ext_is_smoove&quot;:&quot;false&quot;,&quot;avante_ext_is_parallax_mouse&quot;:&quot;false&quot;,&quot;avante_ext_is_infinite&quot;:&quot;false&quot;,&quot;avante_ext_link_sidemenu&quot;:&quot;false&quot;}\" data-widget_type=\"blockquote.default\">\n\t\t\t\t<div class=\"elementor-widget-container\">\n\t\t\t\t\t\t\t<blockquote class=\"elementor-blockquote\">\n\t\t\t<p class=\"elementor-blockquote__content\">\n\t\t\t\tDabei ist es mittlerweile bewiesen, dass Burnout Implikationen auf mehr als nur die betroffene Person hat.\t\t\t<\/p>\n\t\t\t\t\t<\/blockquote>\n\t\t\t\t\t\t<\/div>\n\t\t\t\t<\/div>\n\t\t\t\t\t<\/div>\n\t\t<\/div>\n\t\t\t\t\t<\/div>\n\t\t<\/section>\n\t\t\t\t<section class=\"elementor-section elementor-top-section elementor-element elementor-element-abcf8c1 elementor-section-boxed elementor-section-height-default elementor-section-height-default\" data-id=\"abcf8c1\" data-element_type=\"section\" data-e-type=\"section\">\n\t\t\t\t\t\t<div class=\"elementor-container elementor-column-gap-default\">\n\t\t\t\t\t<div class=\"elementor-column elementor-col-100 elementor-top-column elementor-element elementor-element-bbcd958\" data-id=\"bbcd958\" data-element_type=\"column\" data-e-type=\"column\" data-settings=\"{&quot;avante_ext_is_scrollme&quot;:&quot;false&quot;,&quot;avante_ext_is_smoove&quot;:&quot;false&quot;,&quot;avante_ext_is_parallax_mouse&quot;:&quot;false&quot;,&quot;avante_ext_is_infinite&quot;:&quot;false&quot;,&quot;avante_ext_link_sidemenu&quot;:&quot;false&quot;}\">\n\t\t\t<div class=\"elementor-widget-wrap elementor-element-populated\">\n\t\t\t\t\t\t<div class=\"elementor-element elementor-element-d617038 elementor-widget elementor-widget-text-editor\" data-id=\"d617038\" data-element_type=\"widget\" data-e-type=\"widget\" data-settings=\"{&quot;avante_ext_is_scrollme&quot;:&quot;false&quot;,&quot;avante_ext_is_smoove&quot;:&quot;false&quot;,&quot;avante_ext_is_parallax_mouse&quot;:&quot;false&quot;,&quot;avante_ext_is_infinite&quot;:&quot;false&quot;,&quot;avante_ext_link_sidemenu&quot;:&quot;false&quot;}\" data-widget_type=\"text-editor.default\">\n\t\t\t\t<div class=\"elementor-widget-container\">\n\t\t\t\t\t\t\t\t\t<p><a href=\"https:\/\/www.edweek.org\/leadership\/teacher-burnout-may-be-linked-to-students-stress-study-finds\/2016\/07\" target=\"_blank\" rel=\"noopener\">Studien zeigen<\/a>, dass wenn Lehrer ausgebrannt sind, ihre Sch\u00fcler erh\u00f6hte Cortisol-Level zeigen, eine klassische Stressreaktion. <a href=\"https:\/\/www.ted.com\/talks\/worklife_with_adam_grant_burnout_is_everyone_s_problem\" target=\"_blank\" rel=\"noopener\">Andere Studien<\/a> im Klinikumfeld haben aufgedeckt, dass die emotionale Ersch\u00f6pfung einzelner Personen auch die Arbeitskollegen negativ beeinflusst (Stimmung, Motivation, Performance). Es ist also im Interesse der Firmen, Burnout vorzubeugen und die Resilienz ihrer Mitarbeitenden zu st\u00e4rken.<\/p>\t\t\t\t\t\t\t\t<\/div>\n\t\t\t\t<\/div>\n\t\t\t\t\t<\/div>\n\t\t<\/div>\n\t\t\t\t\t<\/div>\n\t\t<\/section>\n\t\t\t\t<section class=\"elementor-section elementor-top-section elementor-element elementor-element-99d5722 elementor-section-boxed elementor-section-height-default elementor-section-height-default\" data-id=\"99d5722\" data-element_type=\"section\" data-e-type=\"section\">\n\t\t\t\t\t\t<div class=\"elementor-container elementor-column-gap-default\">\n\t\t\t\t\t<div class=\"elementor-column elementor-col-100 elementor-top-column elementor-element elementor-element-be386dd\" data-id=\"be386dd\" data-element_type=\"column\" data-e-type=\"column\" data-settings=\"{&quot;avante_ext_is_scrollme&quot;:&quot;false&quot;,&quot;avante_ext_is_smoove&quot;:&quot;false&quot;,&quot;avante_ext_is_parallax_mouse&quot;:&quot;false&quot;,&quot;avante_ext_is_infinite&quot;:&quot;false&quot;,&quot;avante_ext_link_sidemenu&quot;:&quot;false&quot;}\">\n\t\t\t<div class=\"elementor-widget-wrap elementor-element-populated\">\n\t\t\t\t\t\t<div class=\"elementor-element elementor-element-ee98f79 elementor-widget elementor-widget-heading\" data-id=\"ee98f79\" data-element_type=\"widget\" data-e-type=\"widget\" data-settings=\"{&quot;avante_ext_is_scrollme&quot;:&quot;false&quot;,&quot;avante_ext_is_smoove&quot;:&quot;false&quot;,&quot;avante_ext_is_parallax_mouse&quot;:&quot;false&quot;,&quot;avante_ext_is_infinite&quot;:&quot;false&quot;,&quot;avante_ext_link_sidemenu&quot;:&quot;false&quot;}\" data-widget_type=\"heading.default\">\n\t\t\t\t<div class=\"elementor-widget-container\">\n\t\t\t\t\t<h2 class=\"elementor-heading-title elementor-size-default\">Firmen k\u00f6nnen nur gewinnen, wenn sie \u00fcber Burnout und Resilienz offen reden<\/h2>\t\t\t\t<\/div>\n\t\t\t\t<\/div>\n\t\t\t\t\t<\/div>\n\t\t<\/div>\n\t\t\t\t\t<\/div>\n\t\t<\/section>\n\t\t\t\t<section class=\"elementor-section elementor-top-section elementor-element elementor-element-ed1f44a elementor-section-boxed elementor-section-height-default elementor-section-height-default\" data-id=\"ed1f44a\" data-element_type=\"section\" data-e-type=\"section\">\n\t\t\t\t\t\t<div class=\"elementor-container elementor-column-gap-default\">\n\t\t\t\t\t<div class=\"elementor-column elementor-col-100 elementor-top-column elementor-element elementor-element-b4ff621\" data-id=\"b4ff621\" data-element_type=\"column\" data-e-type=\"column\" data-settings=\"{&quot;avante_ext_is_scrollme&quot;:&quot;false&quot;,&quot;avante_ext_is_smoove&quot;:&quot;false&quot;,&quot;avante_ext_is_parallax_mouse&quot;:&quot;false&quot;,&quot;avante_ext_is_infinite&quot;:&quot;false&quot;,&quot;avante_ext_link_sidemenu&quot;:&quot;false&quot;}\">\n\t\t\t<div class=\"elementor-widget-wrap elementor-element-populated\">\n\t\t\t\t\t\t<div class=\"elementor-element elementor-element-4357283 elementor-widget elementor-widget-text-editor\" data-id=\"4357283\" data-element_type=\"widget\" data-e-type=\"widget\" data-settings=\"{&quot;avante_ext_is_scrollme&quot;:&quot;false&quot;,&quot;avante_ext_is_smoove&quot;:&quot;false&quot;,&quot;avante_ext_is_parallax_mouse&quot;:&quot;false&quot;,&quot;avante_ext_is_infinite&quot;:&quot;false&quot;,&quot;avante_ext_link_sidemenu&quot;:&quot;false&quot;}\" data-widget_type=\"text-editor.default\">\n\t\t\t\t<div class=\"elementor-widget-container\">\n\t\t\t\t\t\t\t\t\t<p>Nat\u00fcrlich geh\u00f6rt Stress zum Leben, auch zum Arbeitsleben. Wenn ich meinen E-Mails jede zweite Woche nicht nachkomme und mich \u00fcberfordert f\u00fchle, heisst das nicht, dass ich ein Burnout habe. Und genau davor haben viele Arbeitgeber Angst: dass das Wort \u00abBurnout\u00bb missbraucht wird. Und dennoch f\u00fchrt kein Weg daran vorbei, offen mit der Thematik Burnout umzugehen. Immer mehr Firmen machen genau dies, indem sie z.B. Resilienz Trainings anbieten. Nat\u00fcrlich sind solche Trainings oft nicht perfekt und ber\u00fchren nur die Oberfl\u00e4che der Probleme. Trotzdem haben sie eine wichtige Rolle: sie schaffen einen Raum, um \u00fcber die innere Widerstandskraft offen zu sprechen und die dazu notwendigen F\u00e4higkeiten zu st\u00e4rken. So ein Training ist zudem ein Signal an die Mitarbeitenden: Du, als Person, bist mir wichtig.<\/p>\t\t\t\t\t\t\t\t<\/div>\n\t\t\t\t<\/div>\n\t\t\t\t\t<\/div>\n\t\t<\/div>\n\t\t\t\t\t<\/div>\n\t\t<\/section>\n\t\t\t\t<section class=\"elementor-section elementor-top-section elementor-element elementor-element-1850951 elementor-section-boxed elementor-section-height-default elementor-section-height-default\" data-id=\"1850951\" data-element_type=\"section\" data-e-type=\"section\">\n\t\t\t\t\t\t<div class=\"elementor-container elementor-column-gap-default\">\n\t\t\t\t\t<div class=\"elementor-column elementor-col-100 elementor-top-column elementor-element elementor-element-9799076\" data-id=\"9799076\" data-element_type=\"column\" data-e-type=\"column\" data-settings=\"{&quot;avante_ext_is_scrollme&quot;:&quot;false&quot;,&quot;avante_ext_is_smoove&quot;:&quot;false&quot;,&quot;avante_ext_is_parallax_mouse&quot;:&quot;false&quot;,&quot;avante_ext_is_infinite&quot;:&quot;false&quot;,&quot;avante_ext_link_sidemenu&quot;:&quot;false&quot;}\">\n\t\t\t<div class=\"elementor-widget-wrap elementor-element-populated\">\n\t\t\t\t\t\t<div class=\"elementor-element elementor-element-015bfb1 elementor-widget elementor-widget-image\" data-id=\"015bfb1\" data-element_type=\"widget\" data-e-type=\"widget\" data-settings=\"{&quot;avante_ext_is_scrollme&quot;:&quot;false&quot;,&quot;avante_ext_is_smoove&quot;:&quot;false&quot;,&quot;avante_ext_is_parallax_mouse&quot;:&quot;false&quot;,&quot;avante_ext_is_infinite&quot;:&quot;false&quot;,&quot;avante_ext_link_sidemenu&quot;:&quot;false&quot;}\" data-widget_type=\"image.default\">\n\t\t\t\t<div class=\"elementor-widget-container\">\n\t\t\t\t\t\t\t\t\t\t\t\t<figure class=\"wp-caption\">\n\t\t\t\t\t\t\t\t\t\t<img decoding=\"async\" width=\"1024\" height=\"535\" src=\"https:\/\/impakt360.com\/wp-content\/uploads\/2021\/04\/resiliente-Fuehrungskraefte-1024x535.jpg\" class=\"attachment-large size-large wp-image-18697\" alt=\"resiliente F\u00fchrungskr\u00e4fte\" srcset=\"https:\/\/impakt360.com\/wp-content\/uploads\/2021\/04\/resiliente-Fuehrungskraefte-1024x535.jpg 1024w, https:\/\/impakt360.com\/wp-content\/uploads\/2021\/04\/resiliente-Fuehrungskraefte-300x157.jpg 300w, https:\/\/impakt360.com\/wp-content\/uploads\/2021\/04\/resiliente-Fuehrungskraefte-768x401.jpg 768w, https:\/\/impakt360.com\/wp-content\/uploads\/2021\/04\/resiliente-Fuehrungskraefte-440x230.jpg 440w, https:\/\/impakt360.com\/wp-content\/uploads\/2021\/04\/resiliente-Fuehrungskraefte.jpg 1200w\" sizes=\"(max-width: 1024px) 100vw, 1024px\" \/>\t\t\t\t\t\t\t\t\t\t\t<figcaption class=\"widget-image-caption wp-caption-text\">\"Die meisten Mitarbeitenden gehen ihrem t\u00e4glichen Leben nach und kommen die meiste Zeit gut zurecht. Aber wenn wir mit unerwarteten Stressoren in unserem Leben konfrontiert werden, dann brauchen wir F\u00e4higkeiten, um damit umzugehen. Und das ist der Zeitpunkt, an dem der Arbeitsplatz sicherstellen muss, dass die Mitarbeitenden die Unterst\u00fctzung bekommen, die sie brauchen.\" Ashley Whillans, Harvard Business School<\/figcaption>\n\t\t\t\t\t\t\t\t\t\t<\/figure>\n\t\t\t\t\t\t\t\t\t<\/div>\n\t\t\t\t<\/div>\n\t\t\t\t\t<\/div>\n\t\t<\/div>\n\t\t\t\t\t<\/div>\n\t\t<\/section>\n\t\t\t\t<section class=\"elementor-section elementor-top-section elementor-element elementor-element-aca3e38 elementor-section-boxed elementor-section-height-default elementor-section-height-default\" data-id=\"aca3e38\" data-element_type=\"section\" data-e-type=\"section\">\n\t\t\t\t\t\t<div class=\"elementor-container elementor-column-gap-default\">\n\t\t\t\t\t<div class=\"elementor-column elementor-col-100 elementor-top-column elementor-element elementor-element-2f3f4a5\" data-id=\"2f3f4a5\" data-element_type=\"column\" data-e-type=\"column\" data-settings=\"{&quot;avante_ext_is_scrollme&quot;:&quot;false&quot;,&quot;avante_ext_is_smoove&quot;:&quot;false&quot;,&quot;avante_ext_is_parallax_mouse&quot;:&quot;false&quot;,&quot;avante_ext_is_infinite&quot;:&quot;false&quot;,&quot;avante_ext_link_sidemenu&quot;:&quot;false&quot;}\">\n\t\t\t<div class=\"elementor-widget-wrap elementor-element-populated\">\n\t\t\t\t\t\t<div class=\"elementor-element elementor-element-129c9b2 elementor-widget elementor-widget-heading\" data-id=\"129c9b2\" data-element_type=\"widget\" data-e-type=\"widget\" data-settings=\"{&quot;avante_ext_is_scrollme&quot;:&quot;false&quot;,&quot;avante_ext_is_smoove&quot;:&quot;false&quot;,&quot;avante_ext_is_parallax_mouse&quot;:&quot;false&quot;,&quot;avante_ext_is_infinite&quot;:&quot;false&quot;,&quot;avante_ext_link_sidemenu&quot;:&quot;false&quot;}\" data-widget_type=\"heading.default\">\n\t\t\t\t<div class=\"elementor-widget-container\">\n\t\t\t\t\t<h2 class=\"elementor-heading-title elementor-size-default\">Die Rolle der Firmenkultur und der F\u00fchrungskr\u00e4fte<\/h2>\t\t\t\t<\/div>\n\t\t\t\t<\/div>\n\t\t\t\t\t<\/div>\n\t\t<\/div>\n\t\t\t\t\t<\/div>\n\t\t<\/section>\n\t\t\t\t<section class=\"elementor-section elementor-top-section elementor-element elementor-element-e735cf1 elementor-section-boxed elementor-section-height-default elementor-section-height-default\" data-id=\"e735cf1\" data-element_type=\"section\" data-e-type=\"section\">\n\t\t\t\t\t\t<div class=\"elementor-container elementor-column-gap-default\">\n\t\t\t\t\t<div class=\"elementor-column elementor-col-100 elementor-top-column elementor-element elementor-element-ddcdae3\" data-id=\"ddcdae3\" data-element_type=\"column\" data-e-type=\"column\" data-settings=\"{&quot;avante_ext_is_scrollme&quot;:&quot;false&quot;,&quot;avante_ext_is_smoove&quot;:&quot;false&quot;,&quot;avante_ext_is_parallax_mouse&quot;:&quot;false&quot;,&quot;avante_ext_is_infinite&quot;:&quot;false&quot;,&quot;avante_ext_link_sidemenu&quot;:&quot;false&quot;}\">\n\t\t\t<div class=\"elementor-widget-wrap elementor-element-populated\">\n\t\t\t\t\t\t<div class=\"elementor-element elementor-element-7ba32a8 elementor-widget elementor-widget-text-editor\" data-id=\"7ba32a8\" data-element_type=\"widget\" data-e-type=\"widget\" data-settings=\"{&quot;avante_ext_is_scrollme&quot;:&quot;false&quot;,&quot;avante_ext_is_smoove&quot;:&quot;false&quot;,&quot;avante_ext_is_parallax_mouse&quot;:&quot;false&quot;,&quot;avante_ext_is_infinite&quot;:&quot;false&quot;,&quot;avante_ext_link_sidemenu&quot;:&quot;false&quot;}\" data-widget_type=\"text-editor.default\">\n\t\t\t\t<div class=\"elementor-widget-container\">\n\t\t\t\t\t\t\t\t\t<p>Ein weiterer, vielleicht noch wichtigerer Teil, ist die Rolle der Firmenkultur. Eine Firma mit einer toxischen Firmenkultur kann auch jedes Quartal ein Resilienz Training durchf\u00fchren. Die Resultate werden sich nicht verbessern.<\/p>\t\t\t\t\t\t\t\t<\/div>\n\t\t\t\t<\/div>\n\t\t\t\t\t<\/div>\n\t\t<\/div>\n\t\t\t\t\t<\/div>\n\t\t<\/section>\n\t\t\t\t<section class=\"elementor-section elementor-top-section elementor-element elementor-element-bc7415a elementor-section-boxed elementor-section-height-default elementor-section-height-default\" data-id=\"bc7415a\" data-element_type=\"section\" data-e-type=\"section\">\n\t\t\t\t\t\t<div class=\"elementor-container elementor-column-gap-default\">\n\t\t\t\t\t<div class=\"elementor-column elementor-col-100 elementor-top-column elementor-element elementor-element-b25fda3\" data-id=\"b25fda3\" data-element_type=\"column\" data-e-type=\"column\" data-settings=\"{&quot;background_background&quot;:&quot;classic&quot;,&quot;avante_ext_is_scrollme&quot;:&quot;false&quot;,&quot;avante_ext_is_smoove&quot;:&quot;false&quot;,&quot;avante_ext_is_parallax_mouse&quot;:&quot;false&quot;,&quot;avante_ext_is_infinite&quot;:&quot;false&quot;,&quot;avante_ext_link_sidemenu&quot;:&quot;false&quot;}\">\n\t\t\t<div class=\"elementor-widget-wrap elementor-element-populated\">\n\t\t\t\t\t\t<div class=\"elementor-element elementor-element-11a74a3 elementor-blockquote--skin-border elementor-widget elementor-widget-blockquote\" data-id=\"11a74a3\" data-element_type=\"widget\" data-e-type=\"widget\" data-settings=\"{&quot;avante_ext_is_scrollme&quot;:&quot;false&quot;,&quot;avante_ext_is_smoove&quot;:&quot;false&quot;,&quot;avante_ext_is_parallax_mouse&quot;:&quot;false&quot;,&quot;avante_ext_is_infinite&quot;:&quot;false&quot;,&quot;avante_ext_link_sidemenu&quot;:&quot;false&quot;}\" data-widget_type=\"blockquote.default\">\n\t\t\t\t<div class=\"elementor-widget-container\">\n\t\t\t\t\t\t\t<blockquote class=\"elementor-blockquote\">\n\t\t\t<p class=\"elementor-blockquote__content\">\n\t\t\t\tErst wenn das Thema Resilienz in der Firma gelebt und ihre Wichtigkeit auch von der F\u00fchrungsspitze betont wird, k\u00f6nnen Resilienz Trainings ihre tats\u00e4chliche Wirkung f\u00fcr die teilnehmenden Personen entfalten.\t\t\t<\/p>\n\t\t\t\t\t<\/blockquote>\n\t\t\t\t\t\t<\/div>\n\t\t\t\t<\/div>\n\t\t\t\t\t<\/div>\n\t\t<\/div>\n\t\t\t\t\t<\/div>\n\t\t<\/section>\n\t\t\t\t<section class=\"elementor-section elementor-top-section elementor-element elementor-element-91e3af9 elementor-section-boxed elementor-section-height-default elementor-section-height-default\" data-id=\"91e3af9\" data-element_type=\"section\" data-e-type=\"section\">\n\t\t\t\t\t\t<div class=\"elementor-container elementor-column-gap-default\">\n\t\t\t\t\t<div class=\"elementor-column elementor-col-100 elementor-top-column elementor-element elementor-element-b047045\" data-id=\"b047045\" data-element_type=\"column\" data-e-type=\"column\" data-settings=\"{&quot;avante_ext_is_scrollme&quot;:&quot;false&quot;,&quot;avante_ext_is_smoove&quot;:&quot;false&quot;,&quot;avante_ext_is_parallax_mouse&quot;:&quot;false&quot;,&quot;avante_ext_is_infinite&quot;:&quot;false&quot;,&quot;avante_ext_link_sidemenu&quot;:&quot;false&quot;}\">\n\t\t\t<div class=\"elementor-widget-wrap elementor-element-populated\">\n\t\t\t\t\t\t<div class=\"elementor-element elementor-element-dfa5f1f elementor-widget elementor-widget-text-editor\" data-id=\"dfa5f1f\" data-element_type=\"widget\" data-e-type=\"widget\" data-settings=\"{&quot;avante_ext_is_scrollme&quot;:&quot;false&quot;,&quot;avante_ext_is_smoove&quot;:&quot;false&quot;,&quot;avante_ext_is_parallax_mouse&quot;:&quot;false&quot;,&quot;avante_ext_is_infinite&quot;:&quot;false&quot;,&quot;avante_ext_link_sidemenu&quot;:&quot;false&quot;}\" data-widget_type=\"text-editor.default\">\n\t\t\t\t<div class=\"elementor-widget-container\">\n\t\t\t\t\t\t\t\t\t<p>Ich pers\u00f6nlich war noch nie in einem Resilienz Training (bin seit 10 Jahren auf dem Arbeitsmarkt und seit 4 Jahren in einer F\u00fchrungsrolle). Wenn ich jedoch \u00fcber Resilienz nachdenke, kommt mir ein Gespr\u00e4ch mit meiner ersten Managerin in den Sinn. Ich war damals 24 Jahre alt, direkt von der Uni, erste Arbeitsstelle, extrem motiviert und ja, mit sehr starkem Willen mich zu beweisen. Nachdem Shona und ich uns \u00fcber meine Aufgaben und ihre Erwartungen an mich unterhalten haben, sagte sie zum Abschluss:<\/p><p>\u00abMalgosia, ich m\u00f6chte Dir noch etwas sagen und das ist wichtig. Du bist erst am Anfang Deiner Karriere. Deine Karriere ist wie eine Autobahn und Du steigst gerade in das Auto ein. Viele junge Leute wie du, oft direkt von der Uni, w\u00e4hlen sofort die schnellste Spur und denken, das ist die einzige richtige Spur oder die Spur, die von ihnen verlangt wird. So ist es aber nicht. Die Auswahl der Spur liegt bei Dir und Du kannst die Spur beliebig wechseln \u2013 je nach Deiner Lebenssituation. Manchmal macht es Sinn, die schnellste Spur zu w\u00e4hlen, manchmal ist es gut, wenn Du einfach l\u00e4nger in der mittleren Spur bleibst. Und manchmal brauchst Du einfach eine Pause, um zu tanken, um dann wieder einzusteigen. Die Spur w\u00e4hlst Du \u2013 Du bist im Fahrersitz.\u00bb<\/p>\t\t\t\t\t\t\t\t<\/div>\n\t\t\t\t<\/div>\n\t\t\t\t\t<\/div>\n\t\t<\/div>\n\t\t\t\t\t<\/div>\n\t\t<\/section>\n\t\t\t\t<section class=\"elementor-section elementor-top-section elementor-element elementor-element-c389e0d elementor-section-boxed elementor-section-height-default elementor-section-height-default\" data-id=\"c389e0d\" data-element_type=\"section\" data-e-type=\"section\">\n\t\t\t\t\t\t<div class=\"elementor-container elementor-column-gap-default\">\n\t\t\t\t\t<div class=\"elementor-column elementor-col-100 elementor-top-column elementor-element elementor-element-a83b593\" data-id=\"a83b593\" data-element_type=\"column\" data-e-type=\"column\" data-settings=\"{&quot;avante_ext_is_scrollme&quot;:&quot;false&quot;,&quot;avante_ext_is_smoove&quot;:&quot;false&quot;,&quot;avante_ext_is_parallax_mouse&quot;:&quot;false&quot;,&quot;avante_ext_is_infinite&quot;:&quot;false&quot;,&quot;avante_ext_link_sidemenu&quot;:&quot;false&quot;}\">\n\t\t\t<div class=\"elementor-widget-wrap elementor-element-populated\">\n\t\t\t\t\t\t<div class=\"elementor-element elementor-element-13618a9 elementor-widget elementor-widget-image\" data-id=\"13618a9\" data-element_type=\"widget\" data-e-type=\"widget\" data-settings=\"{&quot;avante_ext_is_scrollme&quot;:&quot;false&quot;,&quot;avante_ext_is_smoove&quot;:&quot;false&quot;,&quot;avante_ext_is_parallax_mouse&quot;:&quot;false&quot;,&quot;avante_ext_is_infinite&quot;:&quot;false&quot;,&quot;avante_ext_link_sidemenu&quot;:&quot;false&quot;}\" data-widget_type=\"image.default\">\n\t\t\t\t<div class=\"elementor-widget-container\">\n\t\t\t\t\t\t\t\t\t\t\t\t<figure class=\"wp-caption\">\n\t\t\t\t\t\t\t\t\t\t<img loading=\"lazy\" decoding=\"async\" width=\"1024\" height=\"535\" src=\"https:\/\/impakt360.com\/wp-content\/uploads\/2021\/04\/Resilienz-gegen-Burnout-lang-1024x535.jpg\" class=\"attachment-large size-large wp-image-18679\" alt=\"\" srcset=\"https:\/\/impakt360.com\/wp-content\/uploads\/2021\/04\/Resilienz-gegen-Burnout-lang-1024x535.jpg 1024w, https:\/\/impakt360.com\/wp-content\/uploads\/2021\/04\/Resilienz-gegen-Burnout-lang-300x157.jpg 300w, https:\/\/impakt360.com\/wp-content\/uploads\/2021\/04\/Resilienz-gegen-Burnout-lang-768x401.jpg 768w, https:\/\/impakt360.com\/wp-content\/uploads\/2021\/04\/Resilienz-gegen-Burnout-lang-440x230.jpg 440w, https:\/\/impakt360.com\/wp-content\/uploads\/2021\/04\/Resilienz-gegen-Burnout-lang.jpg 1200w\" sizes=\"(max-width: 1024px) 100vw, 1024px\" \/>\t\t\t\t\t\t\t\t\t\t\t<figcaption class=\"widget-image-caption wp-caption-text\">Und manchmal brauchst Du einfach eine Pause, um zu tanken um dann wieder einzusteigen. <\/figcaption>\n\t\t\t\t\t\t\t\t\t\t<\/figure>\n\t\t\t\t\t\t\t\t\t<\/div>\n\t\t\t\t<\/div>\n\t\t\t\t\t<\/div>\n\t\t<\/div>\n\t\t\t\t\t<\/div>\n\t\t<\/section>\n\t\t\t\t<section class=\"elementor-section elementor-top-section elementor-element elementor-element-61c769f elementor-section-boxed elementor-section-height-default elementor-section-height-default\" data-id=\"61c769f\" data-element_type=\"section\" data-e-type=\"section\">\n\t\t\t\t\t\t<div class=\"elementor-container elementor-column-gap-default\">\n\t\t\t\t\t<div class=\"elementor-column elementor-col-100 elementor-top-column elementor-element elementor-element-5aa8793\" data-id=\"5aa8793\" data-element_type=\"column\" data-e-type=\"column\" data-settings=\"{&quot;avante_ext_is_scrollme&quot;:&quot;false&quot;,&quot;avante_ext_is_smoove&quot;:&quot;false&quot;,&quot;avante_ext_is_parallax_mouse&quot;:&quot;false&quot;,&quot;avante_ext_is_infinite&quot;:&quot;false&quot;,&quot;avante_ext_link_sidemenu&quot;:&quot;false&quot;}\">\n\t\t\t<div class=\"elementor-widget-wrap elementor-element-populated\">\n\t\t\t\t\t\t<div class=\"elementor-element elementor-element-f522d59 elementor-widget elementor-widget-text-editor\" data-id=\"f522d59\" data-element_type=\"widget\" data-e-type=\"widget\" data-settings=\"{&quot;avante_ext_is_scrollme&quot;:&quot;false&quot;,&quot;avante_ext_is_smoove&quot;:&quot;false&quot;,&quot;avante_ext_is_parallax_mouse&quot;:&quot;false&quot;,&quot;avante_ext_is_infinite&quot;:&quot;false&quot;,&quot;avante_ext_link_sidemenu&quot;:&quot;false&quot;}\" data-widget_type=\"text-editor.default\">\n\t\t\t\t<div class=\"elementor-widget-container\">\n\t\t\t\t\t\t\t\t\t<p><span style=\"font-size: 20px; color: var( --e-global-color-secondary ); letter-spacing: 0px;\">Auch wenn Shona das Wort Burnout in diesem Gespr\u00e4ch nicht verwendet hat, denke ich oft an ihre Worte in diesem Kontext. Und daran, wie wenig es manchmal braucht, um einen grossen Unterschied zu machen.<\/span><\/p><p>*Der Name wurde ver\u00e4ndert<\/p>\t\t\t\t\t\t\t\t<\/div>\n\t\t\t\t<\/div>\n\t\t\t\t\t<\/div>\n\t\t<\/div>\n\t\t\t\t\t<\/div>\n\t\t<\/section>\n\t\t\t\t<section class=\"elementor-section elementor-top-section elementor-element elementor-element-4b4d9ba elementor-section-boxed elementor-section-height-default elementor-section-height-default\" data-id=\"4b4d9ba\" data-element_type=\"section\" data-e-type=\"section\">\n\t\t\t\t\t\t<div class=\"elementor-container elementor-column-gap-default\">\n\t\t\t\t\t<div class=\"elementor-column elementor-col-100 elementor-top-column elementor-element elementor-element-5c07c78\" data-id=\"5c07c78\" data-element_type=\"column\" data-e-type=\"column\" data-settings=\"{&quot;avante_ext_is_scrollme&quot;:&quot;false&quot;,&quot;avante_ext_is_smoove&quot;:&quot;false&quot;,&quot;avante_ext_is_parallax_mouse&quot;:&quot;false&quot;,&quot;avante_ext_is_infinite&quot;:&quot;false&quot;,&quot;avante_ext_link_sidemenu&quot;:&quot;false&quot;}\">\n\t\t\t<div class=\"elementor-widget-wrap elementor-element-populated\">\n\t\t\t\t\t\t<div class=\"elementor-element elementor-element-b66c2b4 elementor-widget-divider--view-line elementor-widget elementor-widget-divider\" data-id=\"b66c2b4\" data-element_type=\"widget\" data-e-type=\"widget\" data-settings=\"{&quot;avante_ext_is_scrollme&quot;:&quot;false&quot;,&quot;avante_ext_is_smoove&quot;:&quot;false&quot;,&quot;avante_ext_is_parallax_mouse&quot;:&quot;false&quot;,&quot;avante_ext_is_infinite&quot;:&quot;false&quot;,&quot;avante_ext_link_sidemenu&quot;:&quot;false&quot;}\" data-widget_type=\"divider.default\">\n\t\t\t\t<div class=\"elementor-widget-container\">\n\t\t\t\t\t\t\t<div class=\"elementor-divider\">\n\t\t\t<span class=\"elementor-divider-separator\">\n\t\t\t\t\t\t<\/span>\n\t\t<\/div>\n\t\t\t\t\t\t<\/div>\n\t\t\t\t<\/div>\n\t\t\t\t\t<\/div>\n\t\t<\/div>\n\t\t\t\t\t<\/div>\n\t\t<\/section>\n\t\t\t\t<section class=\"elementor-section elementor-top-section elementor-element elementor-element-e0079a1 elementor-section-boxed elementor-section-height-default elementor-section-height-default\" data-id=\"e0079a1\" data-element_type=\"section\" data-e-type=\"section\">\n\t\t\t\t\t\t<div class=\"elementor-container elementor-column-gap-default\">\n\t\t\t\t\t<div class=\"elementor-column elementor-col-100 elementor-top-column elementor-element elementor-element-3a0fc0d\" data-id=\"3a0fc0d\" data-element_type=\"column\" data-e-type=\"column\" data-settings=\"{&quot;avante_ext_is_scrollme&quot;:&quot;false&quot;,&quot;avante_ext_is_smoove&quot;:&quot;false&quot;,&quot;avante_ext_is_parallax_mouse&quot;:&quot;false&quot;,&quot;avante_ext_is_infinite&quot;:&quot;false&quot;,&quot;avante_ext_link_sidemenu&quot;:&quot;false&quot;}\">\n\t\t\t<div class=\"elementor-widget-wrap elementor-element-populated\">\n\t\t\t\t\t\t<div class=\"elementor-element elementor-element-44fbe73 elementor-widget elementor-widget-text-editor\" data-id=\"44fbe73\" data-element_type=\"widget\" data-e-type=\"widget\" data-settings=\"{&quot;avante_ext_is_scrollme&quot;:&quot;false&quot;,&quot;avante_ext_is_smoove&quot;:&quot;false&quot;,&quot;avante_ext_is_parallax_mouse&quot;:&quot;false&quot;,&quot;avante_ext_is_infinite&quot;:&quot;false&quot;,&quot;avante_ext_link_sidemenu&quot;:&quot;false&quot;}\" data-widget_type=\"text-editor.default\">\n\t\t\t\t<div class=\"elementor-widget-container\">\n\t\t\t\t\t\t\t\t\t<p>Sehr gerne unterst\u00fctzen wir Ihre F\u00fchrungskr\u00e4fte dabei, ihre innere Widerstandskraft auszubauen. <a href=\"https:\/\/impakt360.com\/kontakt\/\">Vereinbaren Sie ein unverbindliches Gespr\u00e4ch mit unseren Spezialisten.<\/a><\/p>\t\t\t\t\t\t\t\t<\/div>\n\t\t\t\t<\/div>\n\t\t\t\t\t<\/div>\n\t\t<\/div>\n\t\t\t\t\t<\/div>\n\t\t<\/section>\n\t\t\t\t<\/div>\n\t\t","protected":false},"excerpt":{"rendered":"<p>Mein ehemaliger Chef Thomas* &#8211; effizient, clever, stark, aufrichtig, witzig, Arbeitstitan, Perfektionist. Als er an einem Tag nicht bei der Arbeit erschien, dachten wir: sicher eine Erk\u00e4ltung. Dann haben wir auf dem Korridor Ger\u00fcchte geh\u00f6rt, dass er Burnout hat. Wir [&hellip;]<\/p>\n","protected":false},"author":1,"featured_media":18639,"comment_status":"closed","ping_status":"closed","sticky":false,"template":"","format":"standard","meta":{"_acf_changed":false,"content-type":"","footnotes":""},"categories":[57],"tags":[54,28,56,55],"class_list":["post-18626","post","type-post","status-publish","format-standard","has-post-thumbnail","hentry","category-selbst-management","tag-burnout","tag-fuehrung","tag-leadership","tag-resilienz"],"acf":[],"yoast_head":"<!-- This site is optimized with the Yoast SEO plugin v27.5 - https:\/\/yoast.com\/product\/yoast-seo-wordpress\/ -->\n<title>Burnout gibt es nicht, zumindest nicht als Krankheit - impakt360<\/title>\n<meta name=\"description\" content=\"Burnout ist das Gef\u00fchl der Ersch\u00f6pfung, das nicht mit einer guten Nachtruhe oder einem Jahresurlaub verschwindet. Das Thema ist wichtig.\" \/>\n<meta name=\"robots\" content=\"index, follow, max-snippet:-1, max-image-preview:large, max-video-preview:-1\" \/>\n<link rel=\"canonical\" href=\"https:\/\/impakt360.com\/burnout-gibt-es-nicht-zumindest-als-krankheit\/\" \/>\n<meta property=\"og:locale\" content=\"en_US\" \/>\n<meta property=\"og:type\" content=\"article\" \/>\n<meta property=\"og:title\" content=\"Burnout gibt es nicht, zumindest nicht als Krankheit - impakt360\" \/>\n<meta property=\"og:description\" content=\"Burnout ist das Gef\u00fchl der Ersch\u00f6pfung, das nicht mit einer guten Nachtruhe oder einem Jahresurlaub verschwindet. Das Thema ist wichtig.\" \/>\n<meta property=\"og:url\" content=\"https:\/\/impakt360.com\/burnout-gibt-es-nicht-zumindest-als-krankheit\/\" \/>\n<meta property=\"og:site_name\" content=\"impakt360\" \/>\n<meta property=\"article:published_time\" content=\"2023-05-04T12:24:00+00:00\" \/>\n<meta property=\"article:modified_time\" content=\"2023-09-25T13:15:51+00:00\" \/>\n<meta property=\"og:image\" content=\"https:\/\/impakt360.com\/wp-content\/uploads\/2021\/04\/burnout-ist-eine-Krankheit.jpg\" \/>\n\t<meta property=\"og:image:width\" content=\"2500\" \/>\n\t<meta property=\"og:image:height\" content=\"1666\" \/>\n\t<meta property=\"og:image:type\" content=\"image\/jpeg\" \/>\n<meta name=\"author\" content=\"Malgosia\" \/>\n<meta name=\"twitter:card\" content=\"summary_large_image\" \/>\n<meta name=\"twitter:label1\" content=\"Written by\" \/>\n\t<meta name=\"twitter:data1\" content=\"Malgosia\" \/>\n\t<meta name=\"twitter:label2\" content=\"Est. reading time\" \/>\n\t<meta name=\"twitter:data2\" content=\"7 minutes\" \/>\n<script type=\"application\/ld+json\" class=\"yoast-schema-graph\">{\"@context\":\"https:\\\/\\\/schema.org\",\"@graph\":[{\"@type\":\"Article\",\"@id\":\"https:\\\/\\\/impakt360.com\\\/burnout-gibt-es-nicht-zumindest-als-krankheit\\\/#article\",\"isPartOf\":{\"@id\":\"https:\\\/\\\/impakt360.com\\\/burnout-gibt-es-nicht-zumindest-als-krankheit\\\/\"},\"author\":{\"name\":\"Malgosia\",\"@id\":\"https:\\\/\\\/impakt360.com\\\/#\\\/schema\\\/person\\\/228e7e96e5427c3e8a34eb8264e7df9c\"},\"headline\":\"Burnout gibt es nicht, zumindest nicht als Krankheit\",\"datePublished\":\"2023-05-04T12:24:00+00:00\",\"dateModified\":\"2023-09-25T13:15:51+00:00\",\"mainEntityOfPage\":{\"@id\":\"https:\\\/\\\/impakt360.com\\\/burnout-gibt-es-nicht-zumindest-als-krankheit\\\/\"},\"wordCount\":1192,\"publisher\":{\"@id\":\"https:\\\/\\\/impakt360.com\\\/#organization\"},\"image\":{\"@id\":\"https:\\\/\\\/impakt360.com\\\/burnout-gibt-es-nicht-zumindest-als-krankheit\\\/#primaryimage\"},\"thumbnailUrl\":\"https:\\\/\\\/impakt360.com\\\/wp-content\\\/uploads\\\/2021\\\/04\\\/burnout-ist-eine-Krankheit.jpg\",\"keywords\":[\"Burnout\",\"F\u00fchrung\",\"Leadership\",\"Resilienz\"],\"articleSection\":[\"Selbst-Management\"],\"inLanguage\":\"en-US\"},{\"@type\":\"WebPage\",\"@id\":\"https:\\\/\\\/impakt360.com\\\/burnout-gibt-es-nicht-zumindest-als-krankheit\\\/\",\"url\":\"https:\\\/\\\/impakt360.com\\\/burnout-gibt-es-nicht-zumindest-als-krankheit\\\/\",\"name\":\"Burnout gibt es nicht, zumindest nicht als Krankheit - impakt360\",\"isPartOf\":{\"@id\":\"https:\\\/\\\/impakt360.com\\\/#website\"},\"primaryImageOfPage\":{\"@id\":\"https:\\\/\\\/impakt360.com\\\/burnout-gibt-es-nicht-zumindest-als-krankheit\\\/#primaryimage\"},\"image\":{\"@id\":\"https:\\\/\\\/impakt360.com\\\/burnout-gibt-es-nicht-zumindest-als-krankheit\\\/#primaryimage\"},\"thumbnailUrl\":\"https:\\\/\\\/impakt360.com\\\/wp-content\\\/uploads\\\/2021\\\/04\\\/burnout-ist-eine-Krankheit.jpg\",\"datePublished\":\"2023-05-04T12:24:00+00:00\",\"dateModified\":\"2023-09-25T13:15:51+00:00\",\"description\":\"Burnout ist das Gef\u00fchl der Ersch\u00f6pfung, das nicht mit einer guten Nachtruhe oder einem Jahresurlaub verschwindet. Das Thema ist wichtig.\",\"breadcrumb\":{\"@id\":\"https:\\\/\\\/impakt360.com\\\/burnout-gibt-es-nicht-zumindest-als-krankheit\\\/#breadcrumb\"},\"inLanguage\":\"en-US\",\"potentialAction\":[{\"@type\":\"ReadAction\",\"target\":[\"https:\\\/\\\/impakt360.com\\\/burnout-gibt-es-nicht-zumindest-als-krankheit\\\/\"]}]},{\"@type\":\"ImageObject\",\"inLanguage\":\"en-US\",\"@id\":\"https:\\\/\\\/impakt360.com\\\/burnout-gibt-es-nicht-zumindest-als-krankheit\\\/#primaryimage\",\"url\":\"https:\\\/\\\/impakt360.com\\\/wp-content\\\/uploads\\\/2021\\\/04\\\/burnout-ist-eine-Krankheit.jpg\",\"contentUrl\":\"https:\\\/\\\/impakt360.com\\\/wp-content\\\/uploads\\\/2021\\\/04\\\/burnout-ist-eine-Krankheit.jpg\",\"width\":2500,\"height\":1666,\"caption\":\"burnout ist eine Krankheit\"},{\"@type\":\"BreadcrumbList\",\"@id\":\"https:\\\/\\\/impakt360.com\\\/burnout-gibt-es-nicht-zumindest-als-krankheit\\\/#breadcrumb\",\"itemListElement\":[{\"@type\":\"ListItem\",\"position\":1,\"name\":\"Startseite\",\"item\":\"https:\\\/\\\/impakt360.com\\\/\"},{\"@type\":\"ListItem\",\"position\":2,\"name\":\"Burnout gibt es nicht, zumindest nicht als Krankheit\"}]},{\"@type\":\"WebSite\",\"@id\":\"https:\\\/\\\/impakt360.com\\\/#website\",\"url\":\"https:\\\/\\\/impakt360.com\\\/\",\"name\":\"impakt360\",\"description\":\"Ihr Spezialist f\u00fcr F\u00fchrungskr\u00e4fte\",\"publisher\":{\"@id\":\"https:\\\/\\\/impakt360.com\\\/#organization\"},\"potentialAction\":[{\"@type\":\"SearchAction\",\"target\":{\"@type\":\"EntryPoint\",\"urlTemplate\":\"https:\\\/\\\/impakt360.com\\\/?s={search_term_string}\"},\"query-input\":{\"@type\":\"PropertyValueSpecification\",\"valueRequired\":true,\"valueName\":\"search_term_string\"}}],\"inLanguage\":\"en-US\"},{\"@type\":\"Organization\",\"@id\":\"https:\\\/\\\/impakt360.com\\\/#organization\",\"name\":\"impakt360\",\"url\":\"https:\\\/\\\/impakt360.com\\\/\",\"logo\":{\"@type\":\"ImageObject\",\"inLanguage\":\"en-US\",\"@id\":\"https:\\\/\\\/impakt360.com\\\/#\\\/schema\\\/logo\\\/image\\\/\",\"url\":\"https:\\\/\\\/impakt360.com\\\/wp-content\\\/uploads\\\/2020\\\/11\\\/impakt360-logo.png\",\"contentUrl\":\"https:\\\/\\\/impakt360.com\\\/wp-content\\\/uploads\\\/2020\\\/11\\\/impakt360-logo.png\",\"width\":312,\"height\":104,\"caption\":\"impakt360\"},\"image\":{\"@id\":\"https:\\\/\\\/impakt360.com\\\/#\\\/schema\\\/logo\\\/image\\\/\"},\"sameAs\":[\"https:\\\/\\\/www.linkedin.com\\\/company\\\/impakt360\"]},{\"@type\":\"Person\",\"@id\":\"https:\\\/\\\/impakt360.com\\\/#\\\/schema\\\/person\\\/228e7e96e5427c3e8a34eb8264e7df9c\",\"name\":\"Malgosia\",\"image\":{\"@type\":\"ImageObject\",\"inLanguage\":\"en-US\",\"@id\":\"https:\\\/\\\/impakt360.com\\\/wp-content\\\/uploads\\\/2020\\\/12\\\/Malgosia-portrait-scaled-96x96.jpg\",\"url\":\"https:\\\/\\\/impakt360.com\\\/wp-content\\\/uploads\\\/2020\\\/12\\\/Malgosia-portrait-scaled-96x96.jpg\",\"contentUrl\":\"https:\\\/\\\/impakt360.com\\\/wp-content\\\/uploads\\\/2020\\\/12\\\/Malgosia-portrait-scaled-96x96.jpg\",\"caption\":\"Malgosia\"},\"description\":\"Ich brenne f\u00fcr die Themen Leadership, F\u00fchrungskr\u00e4fte-Training und digitale M\u00f6glichkeiten im F\u00fchrungsalltag und informiere Sie \u00fcber die neuesten Entwicklungen in diesen Gebieten.\",\"sameAs\":[\"https:\\\/\\\/impakt360.com\"],\"url\":\"https:\\\/\\\/impakt360.com\\\/en\\\/author\\\/marmot\\\/\"}]}<\/script>\n<!-- \/ Yoast SEO plugin. -->","yoast_head_json":{"title":"Burnout gibt es nicht, zumindest nicht als Krankheit - impakt360","description":"Burnout ist das Gef\u00fchl der Ersch\u00f6pfung, das nicht mit einer guten Nachtruhe oder einem Jahresurlaub verschwindet. Das Thema ist wichtig.","robots":{"index":"index","follow":"follow","max-snippet":"max-snippet:-1","max-image-preview":"max-image-preview:large","max-video-preview":"max-video-preview:-1"},"canonical":"https:\/\/impakt360.com\/burnout-gibt-es-nicht-zumindest-als-krankheit\/","og_locale":"en_US","og_type":"article","og_title":"Burnout gibt es nicht, zumindest nicht als Krankheit - impakt360","og_description":"Burnout ist das Gef\u00fchl der Ersch\u00f6pfung, das nicht mit einer guten Nachtruhe oder einem Jahresurlaub verschwindet. Das Thema ist wichtig.","og_url":"https:\/\/impakt360.com\/burnout-gibt-es-nicht-zumindest-als-krankheit\/","og_site_name":"impakt360","article_published_time":"2023-05-04T12:24:00+00:00","article_modified_time":"2023-09-25T13:15:51+00:00","og_image":[{"width":2500,"height":1666,"url":"https:\/\/impakt360.com\/wp-content\/uploads\/2021\/04\/burnout-ist-eine-Krankheit.jpg","type":"image\/jpeg"}],"author":"Malgosia","twitter_card":"summary_large_image","twitter_misc":{"Written by":"Malgosia","Est. reading time":"7 minutes"},"schema":{"@context":"https:\/\/schema.org","@graph":[{"@type":"Article","@id":"https:\/\/impakt360.com\/burnout-gibt-es-nicht-zumindest-als-krankheit\/#article","isPartOf":{"@id":"https:\/\/impakt360.com\/burnout-gibt-es-nicht-zumindest-als-krankheit\/"},"author":{"name":"Malgosia","@id":"https:\/\/impakt360.com\/#\/schema\/person\/228e7e96e5427c3e8a34eb8264e7df9c"},"headline":"Burnout gibt es nicht, zumindest nicht als Krankheit","datePublished":"2023-05-04T12:24:00+00:00","dateModified":"2023-09-25T13:15:51+00:00","mainEntityOfPage":{"@id":"https:\/\/impakt360.com\/burnout-gibt-es-nicht-zumindest-als-krankheit\/"},"wordCount":1192,"publisher":{"@id":"https:\/\/impakt360.com\/#organization"},"image":{"@id":"https:\/\/impakt360.com\/burnout-gibt-es-nicht-zumindest-als-krankheit\/#primaryimage"},"thumbnailUrl":"https:\/\/impakt360.com\/wp-content\/uploads\/2021\/04\/burnout-ist-eine-Krankheit.jpg","keywords":["Burnout","F\u00fchrung","Leadership","Resilienz"],"articleSection":["Selbst-Management"],"inLanguage":"en-US"},{"@type":"WebPage","@id":"https:\/\/impakt360.com\/burnout-gibt-es-nicht-zumindest-als-krankheit\/","url":"https:\/\/impakt360.com\/burnout-gibt-es-nicht-zumindest-als-krankheit\/","name":"Burnout gibt es nicht, zumindest nicht als Krankheit - impakt360","isPartOf":{"@id":"https:\/\/impakt360.com\/#website"},"primaryImageOfPage":{"@id":"https:\/\/impakt360.com\/burnout-gibt-es-nicht-zumindest-als-krankheit\/#primaryimage"},"image":{"@id":"https:\/\/impakt360.com\/burnout-gibt-es-nicht-zumindest-als-krankheit\/#primaryimage"},"thumbnailUrl":"https:\/\/impakt360.com\/wp-content\/uploads\/2021\/04\/burnout-ist-eine-Krankheit.jpg","datePublished":"2023-05-04T12:24:00+00:00","dateModified":"2023-09-25T13:15:51+00:00","description":"Burnout ist das Gef\u00fchl der Ersch\u00f6pfung, das nicht mit einer guten Nachtruhe oder einem Jahresurlaub verschwindet. Das Thema ist wichtig.","breadcrumb":{"@id":"https:\/\/impakt360.com\/burnout-gibt-es-nicht-zumindest-als-krankheit\/#breadcrumb"},"inLanguage":"en-US","potentialAction":[{"@type":"ReadAction","target":["https:\/\/impakt360.com\/burnout-gibt-es-nicht-zumindest-als-krankheit\/"]}]},{"@type":"ImageObject","inLanguage":"en-US","@id":"https:\/\/impakt360.com\/burnout-gibt-es-nicht-zumindest-als-krankheit\/#primaryimage","url":"https:\/\/impakt360.com\/wp-content\/uploads\/2021\/04\/burnout-ist-eine-Krankheit.jpg","contentUrl":"https:\/\/impakt360.com\/wp-content\/uploads\/2021\/04\/burnout-ist-eine-Krankheit.jpg","width":2500,"height":1666,"caption":"burnout ist eine Krankheit"},{"@type":"BreadcrumbList","@id":"https:\/\/impakt360.com\/burnout-gibt-es-nicht-zumindest-als-krankheit\/#breadcrumb","itemListElement":[{"@type":"ListItem","position":1,"name":"Startseite","item":"https:\/\/impakt360.com\/"},{"@type":"ListItem","position":2,"name":"Burnout gibt es nicht, zumindest nicht als Krankheit"}]},{"@type":"WebSite","@id":"https:\/\/impakt360.com\/#website","url":"https:\/\/impakt360.com\/","name":"impakt360","description":"Ihr Spezialist f\u00fcr F\u00fchrungskr\u00e4fte","publisher":{"@id":"https:\/\/impakt360.com\/#organization"},"potentialAction":[{"@type":"SearchAction","target":{"@type":"EntryPoint","urlTemplate":"https:\/\/impakt360.com\/?s={search_term_string}"},"query-input":{"@type":"PropertyValueSpecification","valueRequired":true,"valueName":"search_term_string"}}],"inLanguage":"en-US"},{"@type":"Organization","@id":"https:\/\/impakt360.com\/#organization","name":"impakt360","url":"https:\/\/impakt360.com\/","logo":{"@type":"ImageObject","inLanguage":"en-US","@id":"https:\/\/impakt360.com\/#\/schema\/logo\/image\/","url":"https:\/\/impakt360.com\/wp-content\/uploads\/2020\/11\/impakt360-logo.png","contentUrl":"https:\/\/impakt360.com\/wp-content\/uploads\/2020\/11\/impakt360-logo.png","width":312,"height":104,"caption":"impakt360"},"image":{"@id":"https:\/\/impakt360.com\/#\/schema\/logo\/image\/"},"sameAs":["https:\/\/www.linkedin.com\/company\/impakt360"]},{"@type":"Person","@id":"https:\/\/impakt360.com\/#\/schema\/person\/228e7e96e5427c3e8a34eb8264e7df9c","name":"Malgosia","image":{"@type":"ImageObject","inLanguage":"en-US","@id":"https:\/\/impakt360.com\/wp-content\/uploads\/2020\/12\/Malgosia-portrait-scaled-96x96.jpg","url":"https:\/\/impakt360.com\/wp-content\/uploads\/2020\/12\/Malgosia-portrait-scaled-96x96.jpg","contentUrl":"https:\/\/impakt360.com\/wp-content\/uploads\/2020\/12\/Malgosia-portrait-scaled-96x96.jpg","caption":"Malgosia"},"description":"Ich brenne f\u00fcr die Themen Leadership, F\u00fchrungskr\u00e4fte-Training und digitale M\u00f6glichkeiten im F\u00fchrungsalltag und informiere Sie \u00fcber die neuesten Entwicklungen in diesen Gebieten.","sameAs":["https:\/\/impakt360.com"],"url":"https:\/\/impakt360.com\/en\/author\/marmot\/"}]}},"_links":{"self":[{"href":"https:\/\/impakt360.com\/en\/wp-json\/wp\/v2\/posts\/18626","targetHints":{"allow":["GET"]}}],"collection":[{"href":"https:\/\/impakt360.com\/en\/wp-json\/wp\/v2\/posts"}],"about":[{"href":"https:\/\/impakt360.com\/en\/wp-json\/wp\/v2\/types\/post"}],"author":[{"embeddable":true,"href":"https:\/\/impakt360.com\/en\/wp-json\/wp\/v2\/users\/1"}],"replies":[{"embeddable":true,"href":"https:\/\/impakt360.com\/en\/wp-json\/wp\/v2\/comments?post=18626"}],"version-history":[{"count":11,"href":"https:\/\/impakt360.com\/en\/wp-json\/wp\/v2\/posts\/18626\/revisions"}],"predecessor-version":[{"id":36286,"href":"https:\/\/impakt360.com\/en\/wp-json\/wp\/v2\/posts\/18626\/revisions\/36286"}],"wp:featuredmedia":[{"embeddable":true,"href":"https:\/\/impakt360.com\/en\/wp-json\/wp\/v2\/media\/18639"}],"wp:attachment":[{"href":"https:\/\/impakt360.com\/en\/wp-json\/wp\/v2\/media?parent=18626"}],"wp:term":[{"taxonomy":"category","embeddable":true,"href":"https:\/\/impakt360.com\/en\/wp-json\/wp\/v2\/categories?post=18626"},{"taxonomy":"post_tag","embeddable":true,"href":"https:\/\/impakt360.com\/en\/wp-json\/wp\/v2\/tags?post=18626"}],"curies":[{"name":"wp","href":"https:\/\/api.w.org\/{rel}","templated":true}]}}